{"id":8933,"date":"2023-09-18T08:31:09","date_gmt":"2023-09-18T08:31:09","guid":{"rendered":"https:\/\/www.business-ereputation.com\/guia-para-comerciantes-e-empresarios-seguranca-social-dos-trabalhadores-independentes\/"},"modified":"2025-10-22T12:05:30","modified_gmt":"2025-10-22T12:05:30","slug":"guia-para-comerciantes-e-empresarios-seguranca-social-dos-trabalhadores-independentes","status":"publish","type":"post","link":"https:\/\/www.business-ereputation.com\/pt-pt\/guia-para-comerciantes-e-empresarios-seguranca-social-dos-trabalhadores-independentes\/","title":{"rendered":"Guia para comerciantes e empres\u00e1rios: Seguran\u00e7a social dos trabalhadores independentes"},"content":{"rendered":"<div class=\"fusion-fullwidth fullwidth-box fusion-builder-row-1 fusion-flex-container has-pattern-background has-mask-background nonhundred-percent-fullwidth non-hundred-percent-height-scrolling\" style=\"--awb-border-radius-top-left:0px;--awb-border-radius-top-right:0px;--awb-border-radius-bottom-right:0px;--awb-border-radius-bottom-left:0px;--awb-flex-wrap:wrap;\" ><div class=\"fusion-builder-row fusion-row fusion-flex-align-items-flex-start fusion-flex-content-wrap\" style=\"max-width:1216.8px;margin-left: calc(-4% \/ 2 );margin-right: calc(-4% \/ 2 );\"><div class=\"fusion-layout-column fusion_builder_column fusion-builder-column-0 fusion_builder_column_1_1 1_1 fusion-flex-column\" style=\"--awb-bg-size:cover;--awb-width-large:100%;--awb-margin-top-large:0px;--awb-spacing-right-large:1.92%;--awb-margin-bottom-large:20px;--awb-spacing-left-large:1.92%;--awb-width-medium:100%;--awb-order-medium:0;--awb-spacing-right-medium:1.92%;--awb-spacing-left-medium:1.92%;--awb-width-small:100%;--awb-order-small:0;--awb-spacing-right-small:1.92%;--awb-spacing-left-small:1.92%;\"><div class=\"fusion-column-wrapper fusion-column-has-shadow fusion-flex-justify-content-flex-start fusion-content-layout-column\"><div class=\"fusion-text fusion-text-1\"><p><strong>Como j\u00e1 referi em artigos anteriores, quando n\u00e3o tenho nada de novo para publicar sobre as tend\u00eancias da reputa\u00e7\u00e3o eletr\u00f3nica (ou sobre como melhorar a tua reputa\u00e7\u00e3o e visibilidade enquanto empres\u00e1rio), prefiro escrever um artigo que seja \u00fatil para os empres\u00e1rios, assuntos com que eu pr\u00f3prio tive de lidar enquanto empres\u00e1rio.<\/strong><\/p>\n<div id=\"ez-toc-container\" class=\"ez-toc-v2_0_82_2 counter-hierarchy ez-toc-counter ez-toc-grey ez-toc-container-direction\">\n<div class=\"ez-toc-title-container\"><p class=\"ez-toc-title\" style=\"cursor:inherit\">Resumo e conte\u00fado da p\u00e1gina<\/p>\n<\/div><nav><ul class='ez-toc-list ez-toc-list-level-1 ' ><li class='ez-toc-page-1 ez-toc-heading-level-2'><a class=\"ez-toc-link ez-toc-heading-1\" href=\"https:\/\/www.business-ereputation.com\/pt-pt\/guia-para-comerciantes-e-empresarios-seguranca-social-dos-trabalhadores-independentes\/#Uma_%E2%80%9Cnova%E2%80%9D_paisagem_para_a_protecao_social_dos_trabalhadores_independentes\" >Uma &#8220;nova&#8221; paisagem para a prote\u00e7\u00e3o social dos trabalhadores independentes<\/a><ul class='ez-toc-list-level-3' ><li class='ez-toc-heading-level-3'><a class=\"ez-toc-link ez-toc-heading-2\" href=\"https:\/\/www.business-ereputation.com\/pt-pt\/guia-para-comerciantes-e-empresarios-seguranca-social-dos-trabalhadores-independentes\/#1_Fusao_do_RSI_com_o_Regime_Geral\" >1. Fus\u00e3o do RSI com o Regime Geral<\/a><\/li><li class='ez-toc-page-1 ez-toc-heading-level-3'><a class=\"ez-toc-link ez-toc-heading-3\" href=\"https:\/\/www.business-ereputation.com\/pt-pt\/guia-para-comerciantes-e-empresarios-seguranca-social-dos-trabalhadores-independentes\/#2_Quem_e_afetado_por_esta_mudanca\" >2. Quem \u00e9 afetado por esta mudan\u00e7a?<\/a><\/li><li class='ez-toc-page-1 ez-toc-heading-level-3'><a class=\"ez-toc-link ez-toc-heading-4\" href=\"https:\/\/www.business-ereputation.com\/pt-pt\/guia-para-comerciantes-e-empresarios-seguranca-social-dos-trabalhadores-independentes\/#3_Aspectos_praticos\" >3. Aspectos pr\u00e1ticos<\/a><\/li><li class='ez-toc-page-1 ez-toc-heading-level-3'><a class=\"ez-toc-link ez-toc-heading-5\" href=\"https:\/\/www.business-ereputation.com\/pt-pt\/guia-para-comerciantes-e-empresarios-seguranca-social-dos-trabalhadores-independentes\/#4_Como_pagas_as_tuas_contribuicoes\" >4. Como pagas as tuas contribui\u00e7\u00f5es?<\/a><\/li><li class='ez-toc-page-1 ez-toc-heading-level-3'><a class=\"ez-toc-link ez-toc-heading-6\" href=\"https:\/\/www.business-ereputation.com\/pt-pt\/guia-para-comerciantes-e-empresarios-seguranca-social-dos-trabalhadores-independentes\/#O_meu_conselho_de_empreendedorismo\" >O meu conselho de empreendedorismo :<\/a><\/li><\/ul><\/li><\/ul><\/nav><\/div>\n<h2><span class=\"ez-toc-section\" id=\"Uma_%E2%80%9Cnova%E2%80%9D_paisagem_para_a_protecao_social_dos_trabalhadores_independentes\"><\/span>Uma &#8220;nova&#8221; paisagem para a prote\u00e7\u00e3o social dos trabalhadores independentes<span class=\"ez-toc-section-end\"><\/span><\/h2>\n<p>Desde o in\u00edcio de 2020, houve uma grande transi\u00e7\u00e3o na prote\u00e7\u00e3o social dos trabalhadores independentes: a integra\u00e7\u00e3o do antigo Regime Social dos Trabalhadores Independentes (RSI) no regime geral da Seguran\u00e7a Social. Descobre o que isto significa para ti, enquanto empres\u00e1rio ou lojista. <\/p>\n<h3><span class=\"ez-toc-section\" id=\"1_Fusao_do_RSI_com_o_Regime_Geral\"><\/span>1. Fus\u00e3o do RSI com o Regime Geral<span class=\"ez-toc-section-end\"><\/span><\/h3>\n<p>A nova estrutura, denominada &#8220;S\u00e9curit\u00e9 sociale pour les Ind\u00e9pendants&#8221; (Seguran\u00e7a Social dos Trabalhadores Independentes), substitui o RSI para centralizar e simplificar os procedimentos e o acompanhamento da prote\u00e7\u00e3o social. Embora alinhado com o regime geral, que se aplica \u00e0 maioria dos franceses, este regime de seguran\u00e7a para os trabalhadores independentes tem as suas pr\u00f3prias especificidades, nomeadamente uma cobertura reduzida dos acidentes de trabalho e da invalidez. <\/p>\n<h3><span class=\"ez-toc-section\" id=\"2_Quem_e_afetado_por_esta_mudanca\"><\/span>2. Quem \u00e9 afetado por esta mudan\u00e7a?<span class=\"ez-toc-section-end\"><\/span><\/h3>\n<p>Se fores um dos seguintes, este regime aplica-se diretamente a ti:<\/p>\n<ul>\n<li>Comerciantes e artes\u00e3os,<\/li>\n<li>Microempres\u00e1rios,<\/li>\n<li>Profissionais livres,<\/li>\n<li>Comerciantes individuais,<\/li>\n<li>Gestores e parceiros de SNCs e EURLs,<\/li>\n<li>Acionistas maiorit\u00e1rios de uma SARL.<\/li>\n<\/ul>\n<p><em><strong>Aten\u00e7\u00e3o: se fores s\u00f3cio-gerente minorit\u00e1rio ou igualit\u00e1rio de uma SARL (sociedade de responsabilidade limitada) ou administrador de uma SA ou SAS (sociedade an\u00f3nima simplificada), continuar\u00e1s a estar abrangido pelo regime geral.<\/strong><\/em><\/p>\n<h3><span class=\"ez-toc-section\" id=\"3_Aspectos_praticos\"><\/span>3. Aspectos pr\u00e1ticos<span class=\"ez-toc-section-end\"><\/span><\/h3>\n<p>O regime geral da seguran\u00e7a social supervisiona agora o regime de seguran\u00e7a social dos trabalhadores independentes. As tuas obriga\u00e7\u00f5es em mat\u00e9ria de seguran\u00e7a social s\u00e3o, por sua vez, geridas pela Urssaf. <\/p>\n<p>O c\u00e1lculo das tuas despesas para o ano em curso baseia-se nos teus rendimentos profissionais do ano anterior. Estes montantes s\u00e3o ajustados quando se conhece o teu rendimento real para o ano em curso. <\/p>\n<p>As contribui\u00e7\u00f5es abrangem :<\/p>\n<ul>\n<li>Cuidados m\u00e9dicos e maternidade,<\/li>\n<li>Pens\u00f5es de base e complementares,<\/li>\n<li>Seguro de velhice e morte,<\/li>\n<li>Benef\u00edcios para a fam\u00edlia,<\/li>\n<li>Forma\u00e7\u00e3o profissional,<\/li>\n<li>CSG\/CRDS.<\/li>\n<\/ul>\n<p>As tarifas podem variar em fun\u00e7\u00e3o da tua atividade e dos teus rendimentos.<\/p>\n<p><em><strong>Informa\u00e7\u00f5es essenciais: A Urssaf passou a ser o \u00fanico ponto de contacto para os profissionais liberais anteriormente abrangidos pelo Cipav. As suas contribui\u00e7\u00f5es s\u00e3o agora proporcionais aos seus rendimentos. <\/strong><\/em><\/p>\n<h3><span class=\"ez-toc-section\" id=\"4_Como_pagas_as_tuas_contribuicoes\"><\/span>4. Como pagas as tuas contribui\u00e7\u00f5es?<span class=\"ez-toc-section-end\"><\/span><\/h3>\n<p>Todas as tuas obriga\u00e7\u00f5es em mat\u00e9ria de seguran\u00e7a social devem ser enviadas \u00e0 Urssaf. Para quem est\u00e1 a come\u00e7ar, as contribui\u00e7\u00f5es s\u00e3o inicialmente fixas e depois reajustadas no ano seguinte. <\/p>\n<p>Uma vantagem significativa: o Acre oferece-te uma redu\u00e7\u00e3o das tuas contribui\u00e7\u00f5es para a seguran\u00e7a social no in\u00edcio da tua empresa. Solicita-a quando estiveres a preparar o teu projeto de cria\u00e7\u00e3o de empresa. <\/p>\n<p>Tens duas op\u00e7\u00f5es de pagamento:<\/p>\n<ul>\n<li>D\u00e9bito mensal,<\/li>\n<li>Pagamento trimestral (continua a ser poss\u00edvel o pagamento por cheque).<\/li>\n<\/ul>\n<p>N\u00e3o te esque\u00e7as de escolher o teu m\u00e9todo antes de 1 de dezembro, para que entre em vigor em 1 de janeiro do ano seguinte.<\/p>\n<h3><span class=\"ez-toc-section\" id=\"O_meu_conselho_de_empreendedorismo\"><\/span>O meu conselho de empreendedorismo :<span class=\"ez-toc-section-end\"><\/span><\/h3>\n<p>1\/ Se o teu marido ou a tua mulher tem uma m\u00fatua de empresa, vai diretamente para ela. O seguro m\u00fatuo para os administradores de empresas \u00e9 demasiado caro. <\/p>\n<p>2\/ Se \u00e9s empres\u00e1rio em nome individual ou tens uma microempresa, faz um seguro complementar. Os reembolsos para este tipo de situa\u00e7\u00e3o s\u00e3o realmente indecentes&#8230; por exemplo, se uma mulher deixar de trabalhar por maternidade, vi nas redes sociais reembolsos da seguran\u00e7a social de 7 a 15 euros&#8230; ou seja, 450 euros por m\u00eas, menos do que o RSA (tendo pago contribui\u00e7\u00f5es, acho isto totalmente injusto).<\/p>\n<p>Tem uma boa semana, retalhistas e empres\u00e1rios!<\/p>\n<p>Outras fontes dispon\u00edveis: https:<a href=\"https:\/\/www.economie.gouv.fr\/entreprises\/securite-sociale-independants\" target=\"_blank\" rel=\"noopener\"> \/\/www.economie.gouv.fr\/entreprises\/securite-sociale-independants<\/a><\/p>\n<\/div><\/div><\/div><\/div><\/div>\n","protected":false},"excerpt":{"rendered":"<p>Como j\u00e1 referi em artigos anteriores, quando n\u00e3o tenho nada de novo para publicar sobre as tend\u00eancias da reputa\u00e7\u00e3o eletr\u00f3nica (ou sobre como melhorar a tua reputa\u00e7\u00e3o e visibilidade enquanto empres\u00e1rio), prefiro escrever um artigo que seja \u00fatil para os empres\u00e1rios, assuntos com que eu pr\u00f3prio tive de lidar enquanto empres\u00e1rio.<\/p>\n","protected":false},"author":1,"featured_media":8934,"comment_status":"closed","ping_status":"closed","sticky":false,"template":"","format":"standard","meta":{"_ayudawp_aiss_exclude":false,"footnotes":""},"categories":[153],"tags":[],"class_list":["post-8933","post","type-post","status-publish","format-standard","has-post-thumbnail","hentry","category-comerciante"],"yoast_head":"<!-- This site is optimized with the Yoast SEO Premium plugin v27.4 (Yoast SEO v27.4) - https:\/\/yoast.com\/product\/yoast-seo-premium-wordpress\/ -->\n<title>Seguran\u00e7a social dos trabalhadores independentes e dos comerciantes<\/title>\n<meta name=\"description\" content=\"Quando n\u00e3o tenho nada de novo para publicar sobre as tend\u00eancias da reputa\u00e7\u00e3o eletr\u00f3nica (ou sobre como melhorar a tua reputa\u00e7\u00e3o e visibilidade enquanto empres\u00e1rio), bem, prefiro escrever um artigo que lhes seja \u00fatil, sobre assuntos com que eu pr\u00f3prio me confrontei enquanto empres\u00e1rio.\" \/>\n<meta name=\"robots\" content=\"index, follow, max-snippet:-1, max-image-preview:large, max-video-preview:-1\" \/>\n<link rel=\"canonical\" href=\"https:\/\/www.business-ereputation.com\/pt-pt\/guia-para-comerciantes-e-empresarios-seguranca-social-dos-trabalhadores-independentes\/\" \/>\n<meta property=\"og:locale\" content=\"pt_PT\" \/>\n<meta property=\"og:type\" content=\"article\" \/>\n<meta property=\"og:title\" content=\"Guia para comerciantes e empres\u00e1rios: Seguran\u00e7a social dos trabalhadores independentes\" \/>\n<meta property=\"og:description\" content=\"Quando n\u00e3o tenho nada de novo para publicar sobre as tend\u00eancias da reputa\u00e7\u00e3o eletr\u00f3nica (ou sobre como melhorar a tua reputa\u00e7\u00e3o e visibilidade enquanto empres\u00e1rio), bem, prefiro escrever um artigo que lhes seja \u00fatil, sobre assuntos com que eu pr\u00f3prio me confrontei enquanto empres\u00e1rio.\" \/>\n<meta property=\"og:url\" content=\"https:\/\/www.business-ereputation.com\/pt-pt\/guia-para-comerciantes-e-empresarios-seguranca-social-dos-trabalhadores-independentes\/\" \/>\n<meta property=\"og:site_name\" content=\"Business Ereputation\" \/>\n<meta property=\"article:publisher\" content=\"https:\/\/www.facebook.com\/business.ereputation\/\" \/>\n<meta property=\"article:author\" content=\"https:\/\/fr-fr.facebook.com\/nicolas.laustriat\" \/>\n<meta property=\"article:published_time\" content=\"2023-09-18T08:31:09+00:00\" \/>\n<meta property=\"article:modified_time\" content=\"2025-10-22T12:05:30+00:00\" \/>\n<meta property=\"og:image\" content=\"https:\/\/www.business-ereputation.com\/wp-content\/uploads\/2023\/09\/protection-sociale-independant.jpg\" \/>\n\t<meta property=\"og:image:width\" content=\"1024\" \/>\n\t<meta property=\"og:image:height\" content=\"412\" \/>\n\t<meta property=\"og:image:type\" content=\"image\/jpeg\" \/>\n<meta name=\"author\" content=\"Nicolas Laustriat\" \/>\n<meta name=\"twitter:card\" content=\"summary_large_image\" \/>\n<meta name=\"twitter:creator\" content=\"@nico_laustriat\" \/>\n<meta name=\"twitter:site\" content=\"@Biz_ereputation\" \/>\n<script type=\"application\/ld+json\" class=\"yoast-schema-graph\">{\"@context\":\"https:\\\/\\\/schema.org\",\"@graph\":[{\"@type\":\"NewsArticle\",\"@id\":\"https:\\\/\\\/www.business-ereputation.com\\\/pt-pt\\\/guia-para-comerciantes-e-empresarios-seguranca-social-dos-trabalhadores-independentes\\\/#article\",\"isPartOf\":{\"@id\":\"https:\\\/\\\/www.business-ereputation.com\\\/pt-pt\\\/guia-para-comerciantes-e-empresarios-seguranca-social-dos-trabalhadores-independentes\\\/\"},\"author\":{\"name\":\"Nicolas Laustriat\",\"@id\":\"https:\\\/\\\/www.business-ereputation.com\\\/pt-pt\\\/#\\\/schema\\\/person\\\/24cbbae44e5e18f0451cdbd20fffcfea\"},\"headline\":\"Guia para comerciantes e empres\u00e1rios: Seguran\u00e7a social dos trabalhadores independentes\",\"datePublished\":\"2023-09-18T08:31:09+00:00\",\"dateModified\":\"2025-10-22T12:05:30+00:00\",\"mainEntityOfPage\":{\"@id\":\"https:\\\/\\\/www.business-ereputation.com\\\/pt-pt\\\/guia-para-comerciantes-e-empresarios-seguranca-social-dos-trabalhadores-independentes\\\/\"},\"wordCount\":1145,\"publisher\":{\"@id\":\"https:\\\/\\\/www.business-ereputation.com\\\/pt-pt\\\/#organization\"},\"image\":{\"@id\":\"https:\\\/\\\/www.business-ereputation.com\\\/pt-pt\\\/guia-para-comerciantes-e-empresarios-seguranca-social-dos-trabalhadores-independentes\\\/#primaryimage\"},\"thumbnailUrl\":\"https:\\\/\\\/www.business-ereputation.com\\\/wp-content\\\/uploads\\\/2023\\\/09\\\/protection-sociale-independant.jpg\",\"articleSection\":[\"Comerciante\"],\"inLanguage\":\"pt-PT\",\"copyrightYear\":\"2023\",\"copyrightHolder\":{\"@id\":\"https:\\\/\\\/www.business-ereputation.com\\\/#organization\"}},{\"@type\":\"WebPage\",\"@id\":\"https:\\\/\\\/www.business-ereputation.com\\\/pt-pt\\\/guia-para-comerciantes-e-empresarios-seguranca-social-dos-trabalhadores-independentes\\\/\",\"url\":\"https:\\\/\\\/www.business-ereputation.com\\\/pt-pt\\\/guia-para-comerciantes-e-empresarios-seguranca-social-dos-trabalhadores-independentes\\\/\",\"name\":\"Seguran\u00e7a social dos trabalhadores independentes e dos comerciantes\",\"isPartOf\":{\"@id\":\"https:\\\/\\\/www.business-ereputation.com\\\/pt-pt\\\/#website\"},\"primaryImageOfPage\":{\"@id\":\"https:\\\/\\\/www.business-ereputation.com\\\/pt-pt\\\/guia-para-comerciantes-e-empresarios-seguranca-social-dos-trabalhadores-independentes\\\/#primaryimage\"},\"image\":{\"@id\":\"https:\\\/\\\/www.business-ereputation.com\\\/pt-pt\\\/guia-para-comerciantes-e-empresarios-seguranca-social-dos-trabalhadores-independentes\\\/#primaryimage\"},\"thumbnailUrl\":\"https:\\\/\\\/www.business-ereputation.com\\\/wp-content\\\/uploads\\\/2023\\\/09\\\/protection-sociale-independant.jpg\",\"datePublished\":\"2023-09-18T08:31:09+00:00\",\"dateModified\":\"2025-10-22T12:05:30+00:00\",\"description\":\"Quando n\u00e3o tenho nada de novo para publicar sobre as tend\u00eancias da reputa\u00e7\u00e3o eletr\u00f3nica (ou sobre como melhorar a tua reputa\u00e7\u00e3o e visibilidade enquanto empres\u00e1rio), bem, prefiro escrever um artigo que lhes seja \u00fatil, sobre assuntos com que eu pr\u00f3prio me confrontei enquanto empres\u00e1rio.\",\"breadcrumb\":{\"@id\":\"https:\\\/\\\/www.business-ereputation.com\\\/pt-pt\\\/guia-para-comerciantes-e-empresarios-seguranca-social-dos-trabalhadores-independentes\\\/#breadcrumb\"},\"inLanguage\":\"pt-PT\",\"potentialAction\":[{\"@type\":\"ReadAction\",\"target\":[\"https:\\\/\\\/www.business-ereputation.com\\\/pt-pt\\\/guia-para-comerciantes-e-empresarios-seguranca-social-dos-trabalhadores-independentes\\\/\"]}]},{\"@type\":\"ImageObject\",\"inLanguage\":\"pt-PT\",\"@id\":\"https:\\\/\\\/www.business-ereputation.com\\\/pt-pt\\\/guia-para-comerciantes-e-empresarios-seguranca-social-dos-trabalhadores-independentes\\\/#primaryimage\",\"url\":\"https:\\\/\\\/www.business-ereputation.com\\\/wp-content\\\/uploads\\\/2023\\\/09\\\/protection-sociale-independant.jpg\",\"contentUrl\":\"https:\\\/\\\/www.business-ereputation.com\\\/wp-content\\\/uploads\\\/2023\\\/09\\\/protection-sociale-independant.jpg\",\"width\":1024,\"height\":412,\"caption\":\"Guia para comerciantes e empres\u00e1rios: Seguran\u00e7a social para os trabalhadores independentes - prote\u00e7\u00e3o-sociale-independente - Ereputa\u00e7\u00e3o empresarial - Retalhista\"},{\"@type\":\"BreadcrumbList\",\"@id\":\"https:\\\/\\\/www.business-ereputation.com\\\/pt-pt\\\/guia-para-comerciantes-e-empresarios-seguranca-social-dos-trabalhadores-independentes\\\/#breadcrumb\",\"itemListElement\":[{\"@type\":\"ListItem\",\"position\":1,\"name\":\"Especialista em Google My Business e recolha de avalia\u00e7\u00f5es de clientes\",\"item\":\"https:\\\/\\\/www.business-ereputation.com\\\/pt-pt\\\/\"},{\"@type\":\"ListItem\",\"position\":2,\"name\":\"Sem categoria\",\"item\":\"https:\\\/\\\/www.business-ereputation.com\\\/pt-pt\\\/category\\\/sem-categoria\\\/\"},{\"@type\":\"ListItem\",\"position\":3,\"name\":\"Guia para comerciantes e empres\u00e1rios: Seguran\u00e7a social dos trabalhadores independentes\"}]},{\"@type\":\"WebSite\",\"@id\":\"https:\\\/\\\/www.business-ereputation.com\\\/pt-pt\\\/#website\",\"url\":\"https:\\\/\\\/www.business-ereputation.com\\\/pt-pt\\\/\",\"name\":\"Business Ereputation - Expert SEO & Google My Business\",\"description\":\"Votre expert et solutions Google My Buisness\",\"publisher\":{\"@id\":\"https:\\\/\\\/www.business-ereputation.com\\\/pt-pt\\\/#organization\"},\"alternateName\":\"Business Ereputation - Expert SEO & Google Business Profil\",\"potentialAction\":[{\"@type\":\"SearchAction\",\"target\":{\"@type\":\"EntryPoint\",\"urlTemplate\":\"https:\\\/\\\/www.business-ereputation.com\\\/pt-pt\\\/?s={search_term_string}\"},\"query-input\":{\"@type\":\"PropertyValueSpecification\",\"valueRequired\":true,\"valueName\":\"search_term_string\"}}],\"inLanguage\":\"pt-PT\"},{\"@type\":[\"Organization\",\"Place\",\"ProfessionalService\"],\"@id\":\"https:\\\/\\\/www.business-ereputation.com\\\/pt-pt\\\/#organization\",\"name\":\"Business Ereputation - Expert Google My Business\",\"alternateName\":\"Business Ereputation - Expert Google Business Profil\",\"url\":\"https:\\\/\\\/www.business-ereputation.com\\\/pt-pt\\\/\",\"logo\":{\"@id\":\"https:\\\/\\\/www.business-ereputation.com\\\/pt-pt\\\/guia-para-comerciantes-e-empresarios-seguranca-social-dos-trabalhadores-independentes\\\/#local-main-organization-logo\"},\"image\":{\"@id\":\"https:\\\/\\\/www.business-ereputation.com\\\/pt-pt\\\/guia-para-comerciantes-e-empresarios-seguranca-social-dos-trabalhadores-independentes\\\/#local-main-organization-logo\"},\"sameAs\":[\"https:\\\/\\\/www.facebook.com\\\/business.ereputation\\\/\",\"https:\\\/\\\/x.com\\\/Biz_ereputation\",\"https:\\\/\\\/www.youtube.com\\\/@business-ereputationexpert\\\/\",\"https:\\\/\\\/www.instagram.com\\\/business_ereputation\\\/\"],\"description\":\"Business Ereputation accompagne et acculture les commerces de proximit\u00e9, les r\u00e9seaux de franchise et Groupe multi-marques \\\/ multi-Pays dans leur gestion de leur r\u00e9putation digitale et l\u2019outil Google My Business. Loin des services par abonnement et outils en S.A.S, notre ambition est de former et rendre autonome nos clients et que la gestion de leur E-reputation, note et avis google deviennent un automatisme, simple et rapide, du quotidien.\",\"legalName\":\"Nicolas Laustriat\",\"foundingDate\":\"2002-07-01\",\"numberOfEmployees\":{\"@type\":\"QuantitativeValue\",\"minValue\":\"1\",\"maxValue\":\"10\"},\"publishingPrinciples\":\"https:\\\/\\\/www.business-ereputation.com\\\/mentions-legales\\\/\",\"ownershipFundingInfo\":\"https:\\\/\\\/www.business-ereputation.com\\\/mentions-legales\\\/\",\"actionableFeedbackPolicy\":\"https:\\\/\\\/www.business-ereputation.com\\\/conditions-generales-dacces-et-dutilisation\\\/\",\"correctionsPolicy\":\"https:\\\/\\\/www.business-ereputation.com\\\/donnees-personnelles\\\/\",\"ethicsPolicy\":\"https:\\\/\\\/www.business-ereputation.com\\\/mentions-legales\\\/\",\"diversityPolicy\":\"https:\\\/\\\/www.business-ereputation.com\\\/mentions-legales\\\/\",\"diversityStaffingReport\":\"https:\\\/\\\/www.business-ereputation.com\\\/mentions-legales\\\/\",\"address\":{\"@id\":\"https:\\\/\\\/www.business-ereputation.com\\\/pt-pt\\\/guia-para-comerciantes-e-empresarios-seguranca-social-dos-trabalhadores-independentes\\\/#local-main-place-address\"},\"geo\":{\"@type\":\"GeoCoordinates\",\"latitude\":\"48.841214845734264\",\"longitude\":\"2.0753873968040737\"},\"telephone\":[\"+33766933960\"],\"contactPoint\":{\"@type\":\"ContactPoint\",\"telephone\":\"+33766933960\",\"email\":\"nicolas@business-ereputation.com\"},\"openingHoursSpecification\":[{\"@type\":\"OpeningHoursSpecification\",\"dayOfWeek\":[\"Monday\",\"Tuesday\",\"Wednesday\",\"Thursday\",\"Friday\",\"Saturday\",\"Sunday\"],\"opens\":\"09:00\",\"closes\":\"17:00\"}],\"email\":\"nicolas@business-ereputation.com\",\"areaServed\":\"france, belgium, switzerland\",\"priceRange\":\"$\",\"paymentAccepted\":\"cards\"},{\"@type\":\"Person\",\"@id\":\"https:\\\/\\\/www.business-ereputation.com\\\/pt-pt\\\/#\\\/schema\\\/person\\\/24cbbae44e5e18f0451cdbd20fffcfea\",\"name\":\"Nicolas Laustriat\",\"image\":{\"@type\":\"ImageObject\",\"inLanguage\":\"pt-PT\",\"@id\":\"https:\\\/\\\/www.business-ereputation.com\\\/wp-content\\\/litespeed\\\/avatar\\\/1e505ae83c8b16001a489425c695bdeb.jpg?ver=1777422318\",\"url\":\"https:\\\/\\\/www.business-ereputation.com\\\/wp-content\\\/litespeed\\\/avatar\\\/1e505ae83c8b16001a489425c695bdeb.jpg?ver=1777422318\",\"contentUrl\":\"https:\\\/\\\/www.business-ereputation.com\\\/wp-content\\\/litespeed\\\/avatar\\\/1e505ae83c8b16001a489425c695bdeb.jpg?ver=1777422318\",\"caption\":\"Nicolas Laustriat\"},\"description\":\"Dipl\u00f4m\u00e9 du CESI, concepteur, int\u00e9grateur multim\u00e9dia, j\u2019ai longtemps travaill\u00e9 en free-lance d\u00e9but 2000, avant d\u2019int\u00e9grer EQUANCY, cabinet de conseil strat\u00e9gique en Marketing et Communication, o\u00f9 j\u2019ai d\u00e9ploy\u00e9 la nouvelle strat\u00e9gie de communication online de LAFARGE en 2003. Redevenu ind\u00e9pendant en 2006, mon expertise interpelle et me permet en 2009, en plus de mon activit\u00e9 de consultant digital, d\u2019int\u00e9grer la CEGOS en tant que formateur sur les modules Gestion de projet web, e-reputation et r\u00e9f\u00e9rencement. En 2010, j\u2019int\u00e8gre l\u2019INHESJ (Institut National des Hautes Etudes de la S\u00e9curit\u00e9 et la Justice) pour pr\u00e9senter aux grandes entreprises internationales l\u2019\u00e9volution des pratiques d\u2019influence online. J\u2019accompagne aussi bien des grands comptes dans l\u2019excellence de leur utilisation du m\u00e9dia Internet (bonnes pratiques, mutualisation et d\u00e9ploiement, gestion de crise etc.) que des chefs d\u2019entreprise et des marques soucieux de surveiller (et soigner) leur e-reputation ou des agences de communication (en marque blanche). T\u00e9moignages de mes clients : https:\\\/\\\/www.business-ereputation.com\\\/avis-clients\\\/\",\"sameAs\":[\"https:\\\/\\\/nicolas.laustriat.com\",\"https:\\\/\\\/fr-fr.facebook.com\\\/nicolas.laustriat\",\"https:\\\/\\\/www.instagram.com\\\/nicolas_laustriat\\\/?hl=fr\",\"https:\\\/\\\/fr.linkedin.com\\\/in\\\/nicolaslaustriat\",\"https:\\\/\\\/x.com\\\/nico_laustriat\",\"https:\\\/\\\/www.youtube.com\\\/channel\\\/UCVA3dUUiumMximc-S9GEi7w\"],\"honorificPrefix\":\"M.\",\"honorificSuffix\":\"MASTER\",\"birthDate\":\"1978-01-19\",\"gender\":\"homme\",\"knowsAbout\":[\"SEO\",\"Ereputation\",\"Digital factory\",\"multisite wordpress\"],\"knowsLanguage\":[\"Fran\u00e7ais\",\"Anglais\"],\"jobTitle\":\"Consultant digital, expert en seo et e-r\u00e9putation\",\"worksFor\":\"POLEETIC\",\"url\":\"https:\\\/\\\/www.business-ereputation.com\\\/pt-pt\\\/author\\\/nlaustriatgmail-com\\\/\"},{\"@type\":\"PostalAddress\",\"@id\":\"https:\\\/\\\/www.business-ereputation.com\\\/pt-pt\\\/guia-para-comerciantes-e-empresarios-seguranca-social-dos-trabalhadores-independentes\\\/#local-main-place-address\",\"streetAddress\":\"12 r\u00e9sidence le clos guillaume\",\"addressLocality\":\"Bailly\",\"postalCode\":\"78870\",\"addressRegion\":\"Yvelines (ile de france)\",\"addressCountry\":\"FR\"},{\"@type\":\"ImageObject\",\"inLanguage\":\"pt-PT\",\"@id\":\"https:\\\/\\\/www.business-ereputation.com\\\/pt-pt\\\/guia-para-comerciantes-e-empresarios-seguranca-social-dos-trabalhadores-independentes\\\/#local-main-organization-logo\",\"url\":\"https:\\\/\\\/www.business-ereputation.com\\\/wp-content\\\/uploads\\\/2023\\\/07\\\/BIG-ICONE-.jpg\",\"contentUrl\":\"https:\\\/\\\/www.business-ereputation.com\\\/wp-content\\\/uploads\\\/2023\\\/07\\\/BIG-ICONE-.jpg\",\"width\":500,\"height\":500,\"caption\":\"Business Ereputation - Expert Google My Business\"}]}<\/script>\n<meta name=\"geo.placename\" content=\"Bailly\" \/>\n<meta name=\"geo.position\" content=\"48.841214845734264;2.0753873968040737\" \/>\n<meta name=\"geo.region\" content=\"Fran\u00e7a\" \/>\n<!-- \/ Yoast SEO Premium plugin. -->","yoast_head_json":{"title":"Seguran\u00e7a social dos trabalhadores independentes e dos comerciantes","description":"Quando n\u00e3o tenho nada de novo para publicar sobre as tend\u00eancias da reputa\u00e7\u00e3o eletr\u00f3nica (ou sobre como melhorar a tua reputa\u00e7\u00e3o e visibilidade enquanto empres\u00e1rio), bem, prefiro escrever um artigo que lhes seja \u00fatil, sobre assuntos com que eu pr\u00f3prio me confrontei enquanto empres\u00e1rio.","robots":{"index":"index","follow":"follow","max-snippet":"max-snippet:-1","max-image-preview":"max-image-preview:large","max-video-preview":"max-video-preview:-1"},"canonical":"https:\/\/www.business-ereputation.com\/pt-pt\/guia-para-comerciantes-e-empresarios-seguranca-social-dos-trabalhadores-independentes\/","og_locale":"pt_PT","og_type":"article","og_title":"Guia para comerciantes e empres\u00e1rios: Seguran\u00e7a social dos trabalhadores independentes","og_description":"Quando n\u00e3o tenho nada de novo para publicar sobre as tend\u00eancias da reputa\u00e7\u00e3o eletr\u00f3nica (ou sobre como melhorar a tua reputa\u00e7\u00e3o e visibilidade enquanto empres\u00e1rio), bem, prefiro escrever um artigo que lhes seja \u00fatil, sobre assuntos com que eu pr\u00f3prio me confrontei enquanto empres\u00e1rio.","og_url":"https:\/\/www.business-ereputation.com\/pt-pt\/guia-para-comerciantes-e-empresarios-seguranca-social-dos-trabalhadores-independentes\/","og_site_name":"Business Ereputation","article_publisher":"https:\/\/www.facebook.com\/business.ereputation\/","article_author":"https:\/\/fr-fr.facebook.com\/nicolas.laustriat","article_published_time":"2023-09-18T08:31:09+00:00","article_modified_time":"2025-10-22T12:05:30+00:00","og_image":[{"width":1024,"height":412,"url":"https:\/\/www.business-ereputation.com\/wp-content\/uploads\/2023\/09\/protection-sociale-independant.jpg","type":"image\/jpeg"}],"author":"Nicolas Laustriat","twitter_card":"summary_large_image","twitter_creator":"@nico_laustriat","twitter_site":"@Biz_ereputation","schema":{"@context":"https:\/\/schema.org","@graph":[{"@type":"NewsArticle","@id":"https:\/\/www.business-ereputation.com\/pt-pt\/guia-para-comerciantes-e-empresarios-seguranca-social-dos-trabalhadores-independentes\/#article","isPartOf":{"@id":"https:\/\/www.business-ereputation.com\/pt-pt\/guia-para-comerciantes-e-empresarios-seguranca-social-dos-trabalhadores-independentes\/"},"author":{"name":"Nicolas Laustriat","@id":"https:\/\/www.business-ereputation.com\/pt-pt\/#\/schema\/person\/24cbbae44e5e18f0451cdbd20fffcfea"},"headline":"Guia para comerciantes e empres\u00e1rios: Seguran\u00e7a social dos trabalhadores independentes","datePublished":"2023-09-18T08:31:09+00:00","dateModified":"2025-10-22T12:05:30+00:00","mainEntityOfPage":{"@id":"https:\/\/www.business-ereputation.com\/pt-pt\/guia-para-comerciantes-e-empresarios-seguranca-social-dos-trabalhadores-independentes\/"},"wordCount":1145,"publisher":{"@id":"https:\/\/www.business-ereputation.com\/pt-pt\/#organization"},"image":{"@id":"https:\/\/www.business-ereputation.com\/pt-pt\/guia-para-comerciantes-e-empresarios-seguranca-social-dos-trabalhadores-independentes\/#primaryimage"},"thumbnailUrl":"https:\/\/www.business-ereputation.com\/wp-content\/uploads\/2023\/09\/protection-sociale-independant.jpg","articleSection":["Comerciante"],"inLanguage":"pt-PT","copyrightYear":"2023","copyrightHolder":{"@id":"https:\/\/www.business-ereputation.com\/#organization"}},{"@type":"WebPage","@id":"https:\/\/www.business-ereputation.com\/pt-pt\/guia-para-comerciantes-e-empresarios-seguranca-social-dos-trabalhadores-independentes\/","url":"https:\/\/www.business-ereputation.com\/pt-pt\/guia-para-comerciantes-e-empresarios-seguranca-social-dos-trabalhadores-independentes\/","name":"Seguran\u00e7a social dos trabalhadores independentes e dos comerciantes","isPartOf":{"@id":"https:\/\/www.business-ereputation.com\/pt-pt\/#website"},"primaryImageOfPage":{"@id":"https:\/\/www.business-ereputation.com\/pt-pt\/guia-para-comerciantes-e-empresarios-seguranca-social-dos-trabalhadores-independentes\/#primaryimage"},"image":{"@id":"https:\/\/www.business-ereputation.com\/pt-pt\/guia-para-comerciantes-e-empresarios-seguranca-social-dos-trabalhadores-independentes\/#primaryimage"},"thumbnailUrl":"https:\/\/www.business-ereputation.com\/wp-content\/uploads\/2023\/09\/protection-sociale-independant.jpg","datePublished":"2023-09-18T08:31:09+00:00","dateModified":"2025-10-22T12:05:30+00:00","description":"Quando n\u00e3o tenho nada de novo para publicar sobre as tend\u00eancias da reputa\u00e7\u00e3o eletr\u00f3nica (ou sobre como melhorar a tua reputa\u00e7\u00e3o e visibilidade enquanto empres\u00e1rio), bem, prefiro escrever um artigo que lhes seja \u00fatil, sobre assuntos com que eu pr\u00f3prio me confrontei enquanto empres\u00e1rio.","breadcrumb":{"@id":"https:\/\/www.business-ereputation.com\/pt-pt\/guia-para-comerciantes-e-empresarios-seguranca-social-dos-trabalhadores-independentes\/#breadcrumb"},"inLanguage":"pt-PT","potentialAction":[{"@type":"ReadAction","target":["https:\/\/www.business-ereputation.com\/pt-pt\/guia-para-comerciantes-e-empresarios-seguranca-social-dos-trabalhadores-independentes\/"]}]},{"@type":"ImageObject","inLanguage":"pt-PT","@id":"https:\/\/www.business-ereputation.com\/pt-pt\/guia-para-comerciantes-e-empresarios-seguranca-social-dos-trabalhadores-independentes\/#primaryimage","url":"https:\/\/www.business-ereputation.com\/wp-content\/uploads\/2023\/09\/protection-sociale-independant.jpg","contentUrl":"https:\/\/www.business-ereputation.com\/wp-content\/uploads\/2023\/09\/protection-sociale-independant.jpg","width":1024,"height":412,"caption":"Guia para comerciantes e empres\u00e1rios: Seguran\u00e7a social para os trabalhadores independentes - prote\u00e7\u00e3o-sociale-independente - Ereputa\u00e7\u00e3o empresarial - Retalhista"},{"@type":"BreadcrumbList","@id":"https:\/\/www.business-ereputation.com\/pt-pt\/guia-para-comerciantes-e-empresarios-seguranca-social-dos-trabalhadores-independentes\/#breadcrumb","itemListElement":[{"@type":"ListItem","position":1,"name":"Especialista em Google My Business e recolha de avalia\u00e7\u00f5es de clientes","item":"https:\/\/www.business-ereputation.com\/pt-pt\/"},{"@type":"ListItem","position":2,"name":"Sem categoria","item":"https:\/\/www.business-ereputation.com\/pt-pt\/category\/sem-categoria\/"},{"@type":"ListItem","position":3,"name":"Guia para comerciantes e empres\u00e1rios: Seguran\u00e7a social dos trabalhadores independentes"}]},{"@type":"WebSite","@id":"https:\/\/www.business-ereputation.com\/pt-pt\/#website","url":"https:\/\/www.business-ereputation.com\/pt-pt\/","name":"Business Ereputation - Expert SEO & Google My Business","description":"Votre expert et solutions Google My Buisness","publisher":{"@id":"https:\/\/www.business-ereputation.com\/pt-pt\/#organization"},"alternateName":"Business Ereputation - Expert SEO & Google Business Profil","potentialAction":[{"@type":"SearchAction","target":{"@type":"EntryPoint","urlTemplate":"https:\/\/www.business-ereputation.com\/pt-pt\/?s={search_term_string}"},"query-input":{"@type":"PropertyValueSpecification","valueRequired":true,"valueName":"search_term_string"}}],"inLanguage":"pt-PT"},{"@type":["Organization","Place","ProfessionalService"],"@id":"https:\/\/www.business-ereputation.com\/pt-pt\/#organization","name":"Business Ereputation - Expert Google My Business","alternateName":"Business Ereputation - Expert Google Business Profil","url":"https:\/\/www.business-ereputation.com\/pt-pt\/","logo":{"@id":"https:\/\/www.business-ereputation.com\/pt-pt\/guia-para-comerciantes-e-empresarios-seguranca-social-dos-trabalhadores-independentes\/#local-main-organization-logo"},"image":{"@id":"https:\/\/www.business-ereputation.com\/pt-pt\/guia-para-comerciantes-e-empresarios-seguranca-social-dos-trabalhadores-independentes\/#local-main-organization-logo"},"sameAs":["https:\/\/www.facebook.com\/business.ereputation\/","https:\/\/x.com\/Biz_ereputation","https:\/\/www.youtube.com\/@business-ereputationexpert\/","https:\/\/www.instagram.com\/business_ereputation\/"],"description":"Business Ereputation accompagne et acculture les commerces de proximit\u00e9, les r\u00e9seaux de franchise et Groupe multi-marques \/ multi-Pays dans leur gestion de leur r\u00e9putation digitale et l\u2019outil Google My Business. Loin des services par abonnement et outils en S.A.S, notre ambition est de former et rendre autonome nos clients et que la gestion de leur E-reputation, note et avis google deviennent un automatisme, simple et rapide, du quotidien.","legalName":"Nicolas Laustriat","foundingDate":"2002-07-01","numberOfEmployees":{"@type":"QuantitativeValue","minValue":"1","maxValue":"10"},"publishingPrinciples":"https:\/\/www.business-ereputation.com\/mentions-legales\/","ownershipFundingInfo":"https:\/\/www.business-ereputation.com\/mentions-legales\/","actionableFeedbackPolicy":"https:\/\/www.business-ereputation.com\/conditions-generales-dacces-et-dutilisation\/","correctionsPolicy":"https:\/\/www.business-ereputation.com\/donnees-personnelles\/","ethicsPolicy":"https:\/\/www.business-ereputation.com\/mentions-legales\/","diversityPolicy":"https:\/\/www.business-ereputation.com\/mentions-legales\/","diversityStaffingReport":"https:\/\/www.business-ereputation.com\/mentions-legales\/","address":{"@id":"https:\/\/www.business-ereputation.com\/pt-pt\/guia-para-comerciantes-e-empresarios-seguranca-social-dos-trabalhadores-independentes\/#local-main-place-address"},"geo":{"@type":"GeoCoordinates","latitude":"48.841214845734264","longitude":"2.0753873968040737"},"telephone":["+33766933960"],"contactPoint":{"@type":"ContactPoint","telephone":"+33766933960","email":"nicolas@business-ereputation.com"},"openingHoursSpecification":[{"@type":"OpeningHoursSpecification","dayOfWeek":["Monday","Tuesday","Wednesday","Thursday","Friday","Saturday","Sunday"],"opens":"09:00","closes":"17:00"}],"email":"nicolas@business-ereputation.com","areaServed":"france, belgium, switzerland","priceRange":"$","paymentAccepted":"cards"},{"@type":"Person","@id":"https:\/\/www.business-ereputation.com\/pt-pt\/#\/schema\/person\/24cbbae44e5e18f0451cdbd20fffcfea","name":"Nicolas Laustriat","image":{"@type":"ImageObject","inLanguage":"pt-PT","@id":"https:\/\/www.business-ereputation.com\/wp-content\/litespeed\/avatar\/1e505ae83c8b16001a489425c695bdeb.jpg?ver=1777422318","url":"https:\/\/www.business-ereputation.com\/wp-content\/litespeed\/avatar\/1e505ae83c8b16001a489425c695bdeb.jpg?ver=1777422318","contentUrl":"https:\/\/www.business-ereputation.com\/wp-content\/litespeed\/avatar\/1e505ae83c8b16001a489425c695bdeb.jpg?ver=1777422318","caption":"Nicolas Laustriat"},"description":"Dipl\u00f4m\u00e9 du CESI, concepteur, int\u00e9grateur multim\u00e9dia, j\u2019ai longtemps travaill\u00e9 en free-lance d\u00e9but 2000, avant d\u2019int\u00e9grer EQUANCY, cabinet de conseil strat\u00e9gique en Marketing et Communication, o\u00f9 j\u2019ai d\u00e9ploy\u00e9 la nouvelle strat\u00e9gie de communication online de LAFARGE en 2003. Redevenu ind\u00e9pendant en 2006, mon expertise interpelle et me permet en 2009, en plus de mon activit\u00e9 de consultant digital, d\u2019int\u00e9grer la CEGOS en tant que formateur sur les modules Gestion de projet web, e-reputation et r\u00e9f\u00e9rencement. En 2010, j\u2019int\u00e8gre l\u2019INHESJ (Institut National des Hautes Etudes de la S\u00e9curit\u00e9 et la Justice) pour pr\u00e9senter aux grandes entreprises internationales l\u2019\u00e9volution des pratiques d\u2019influence online. J\u2019accompagne aussi bien des grands comptes dans l\u2019excellence de leur utilisation du m\u00e9dia Internet (bonnes pratiques, mutualisation et d\u00e9ploiement, gestion de crise etc.) que des chefs d\u2019entreprise et des marques soucieux de surveiller (et soigner) leur e-reputation ou des agences de communication (en marque blanche). T\u00e9moignages de mes clients : https:\/\/www.business-ereputation.com\/avis-clients\/","sameAs":["https:\/\/nicolas.laustriat.com","https:\/\/fr-fr.facebook.com\/nicolas.laustriat","https:\/\/www.instagram.com\/nicolas_laustriat\/?hl=fr","https:\/\/fr.linkedin.com\/in\/nicolaslaustriat","https:\/\/x.com\/nico_laustriat","https:\/\/www.youtube.com\/channel\/UCVA3dUUiumMximc-S9GEi7w"],"honorificPrefix":"M.","honorificSuffix":"MASTER","birthDate":"1978-01-19","gender":"homme","knowsAbout":["SEO","Ereputation","Digital factory","multisite wordpress"],"knowsLanguage":["Fran\u00e7ais","Anglais"],"jobTitle":"Consultant digital, expert en seo et e-r\u00e9putation","worksFor":"POLEETIC","url":"https:\/\/www.business-ereputation.com\/pt-pt\/author\/nlaustriatgmail-com\/"},{"@type":"PostalAddress","@id":"https:\/\/www.business-ereputation.com\/pt-pt\/guia-para-comerciantes-e-empresarios-seguranca-social-dos-trabalhadores-independentes\/#local-main-place-address","streetAddress":"12 r\u00e9sidence le clos guillaume","addressLocality":"Bailly","postalCode":"78870","addressRegion":"Yvelines (ile de france)","addressCountry":"FR"},{"@type":"ImageObject","inLanguage":"pt-PT","@id":"https:\/\/www.business-ereputation.com\/pt-pt\/guia-para-comerciantes-e-empresarios-seguranca-social-dos-trabalhadores-independentes\/#local-main-organization-logo","url":"https:\/\/www.business-ereputation.com\/wp-content\/uploads\/2023\/07\/BIG-ICONE-.jpg","contentUrl":"https:\/\/www.business-ereputation.com\/wp-content\/uploads\/2023\/07\/BIG-ICONE-.jpg","width":500,"height":500,"caption":"Business Ereputation - Expert Google My Business"}]},"geo.placename":"Bailly","geo.position":{"lat":"48.841214845734264","long":"2.0753873968040737"},"geo.region":"Fran\u00e7a"},"_links":{"self":[{"href":"https:\/\/www.business-ereputation.com\/pt-pt\/wp-json\/wp\/v2\/posts\/8933","targetHints":{"allow":["GET"]}}],"collection":[{"href":"https:\/\/www.business-ereputation.com\/pt-pt\/wp-json\/wp\/v2\/posts"}],"about":[{"href":"https:\/\/www.business-ereputation.com\/pt-pt\/wp-json\/wp\/v2\/types\/post"}],"author":[{"embeddable":true,"href":"https:\/\/www.business-ereputation.com\/pt-pt\/wp-json\/wp\/v2\/users\/1"}],"replies":[{"embeddable":true,"href":"https:\/\/www.business-ereputation.com\/pt-pt\/wp-json\/wp\/v2\/comments?post=8933"}],"version-history":[{"count":2,"href":"https:\/\/www.business-ereputation.com\/pt-pt\/wp-json\/wp\/v2\/posts\/8933\/revisions"}],"predecessor-version":[{"id":8936,"href":"https:\/\/www.business-ereputation.com\/pt-pt\/wp-json\/wp\/v2\/posts\/8933\/revisions\/8936"}],"wp:featuredmedia":[{"embeddable":true,"href":"https:\/\/www.business-ereputation.com\/pt-pt\/wp-json\/wp\/v2\/media\/8934"}],"wp:attachment":[{"href":"https:\/\/www.business-ereputation.com\/pt-pt\/wp-json\/wp\/v2\/media?parent=8933"}],"wp:term":[{"taxonomy":"category","embeddable":true,"href":"https:\/\/www.business-ereputation.com\/pt-pt\/wp-json\/wp\/v2\/categories?post=8933"},{"taxonomy":"post_tag","embeddable":true,"href":"https:\/\/www.business-ereputation.com\/pt-pt\/wp-json\/wp\/v2\/tags?post=8933"}],"curies":[{"name":"wp","href":"https:\/\/api.w.org\/{rel}","templated":true}]}}